{"id":524,"date":"2007-12-12T10:43:40","date_gmt":"2007-12-12T08:43:40","guid":{"rendered":"http:\/\/andare.ch\/blog\/2007\/12\/ungueltige-wahlzettel-bei-der-br-wahl\/"},"modified":"2007-12-12T10:43:40","modified_gmt":"2007-12-12T08:43:40","slug":"ungueltige-wahlzettel-bei-der-br-wahl","status":"publish","type":"post","link":"https:\/\/andare.ch\/blog\/2007\/12\/ungueltige-wahlzettel-bei-der-br-wahl\/","title":{"rendered":"Ung\u00fcltige Wahlzettel bei der BR-Wahl"},"content":{"rendered":"<div class='microid-612e90816852393480261686e568126a3f43d64e'><p>Was mir bei der aktuell laufenden Erneuerungswahl des Bundesrates auff\u00e4llt: bei jeder Wahl bis jetzt sind jeweils eine Handvoll bis ein Dutzend ung\u00fcltige Stimmen eingegangen.<\/p>\n<p>Da frage ich mich, was das f\u00fcr Parlamentarier sind, die unf\u00e4hig sind einen g\u00fcltigen Wahlzettel einzulegen. Und wie ein Parlamentarier damit seine Kompetenz manifestiert, als Vertreter der B\u00fcrger zu wirken.<\/p>\n<p>Auf jeden Fall w\u00e4re es sehr interessant zu wissen, was den genau auf diesen Wahlzettel steht. Mickey Mouse?<\/p>\n<\/div>","protected":false},"excerpt":{"rendered":"<p>Was mir bei der aktuell laufenden Erneuerungswahl des Bundesrates auff\u00e4llt: bei jeder Wahl bis jetzt sind jeweils eine Handvoll bis ein Dutzend ung\u00fcltige Stimmen eingegangen. Da frage ich mich, was das f\u00fcr Parlamentarier sind, die unf\u00e4hig sind einen g\u00fcltigen Wahlzettel einzulegen. Und wie ein Parlamentarier damit seine Kompetenz manifestiert, als Vertreter der B\u00fcrger zu wirken. [&hellip;]<\/p>\n","protected":false},"author":2,"featured_media":0,"comment_status":"open","ping_status":"open","sticky":false,"template":"","format":"standard","meta":{"_monsterinsights_skip_tracking":false,"_monsterinsights_sitenote_active":false,"_monsterinsights_sitenote_note":"","_monsterinsights_sitenote_category":0,"jetpack_post_was_ever_published":false,"_jetpack_newsletter_access":"","_jetpack_dont_email_post_to_subs":false,"_jetpack_newsletter_tier_id":0,"_jetpack_memberships_contains_paywalled_content":false,"_jetpack_memberships_contains_paid_content":false,"footnotes":"","jetpack_publicize_message":"","jetpack_publicize_feature_enabled":true,"jetpack_social_post_already_shared":false,"jetpack_social_options":{"image_generator_settings":{"template":"highway","enabled":false},"version":2}},"categories":[14],"tags":[291,370,33],"class_list":["post-524","post","type-post","status-publish","format-standard","hentry","category-politik","tag-bundesrat","tag-politik","tag-schweiz"],"jetpack_publicize_connections":[],"jetpack_featured_media_url":"","jetpack_sharing_enabled":true,"_links":{"self":[{"href":"https:\/\/andare.ch\/blog\/wp-json\/wp\/v2\/posts\/524","targetHints":{"allow":["GET"]}}],"collection":[{"href":"https:\/\/andare.ch\/blog\/wp-json\/wp\/v2\/posts"}],"about":[{"href":"https:\/\/andare.ch\/blog\/wp-json\/wp\/v2\/types\/post"}],"author":[{"embeddable":true,"href":"https:\/\/andare.ch\/blog\/wp-json\/wp\/v2\/users\/2"}],"replies":[{"embeddable":true,"href":"https:\/\/andare.ch\/blog\/wp-json\/wp\/v2\/comments?post=524"}],"version-history":[{"count":0,"href":"https:\/\/andare.ch\/blog\/wp-json\/wp\/v2\/posts\/524\/revisions"}],"wp:attachment":[{"href":"https:\/\/andare.ch\/blog\/wp-json\/wp\/v2\/media?parent=524"}],"wp:term":[{"taxonomy":"category","embeddable":true,"href":"https:\/\/andare.ch\/blog\/wp-json\/wp\/v2\/categories?post=524"},{"taxonomy":"post_tag","embeddable":true,"href":"https:\/\/andare.ch\/blog\/wp-json\/wp\/v2\/tags?post=524"}],"curies":[{"name":"wp","href":"https:\/\/api.w.org\/{rel}","templated":true}]}}