{"id":408,"date":"2006-03-15T00:09:13","date_gmt":"2006-03-14T23:09:13","guid":{"rendered":"http:\/\/www.andare.ch\/blog\/2006\/03\/wer-bietet-mehr-fuer-den-bundesbrief\/"},"modified":"2006-03-15T00:45:17","modified_gmt":"2006-03-14T23:45:17","slug":"wer-bietet-mehr-fuer-den-bundesbrief","status":"publish","type":"post","link":"https:\/\/andare.ch\/blog\/2006\/03\/wer-bietet-mehr-fuer-den-bundesbrief\/","title":{"rendered":"Wer bietet mehr f\u00fcr den Bundesbrief?"},"content":{"rendered":"<div class='microid-ec0799a877a484f00db4de4d6ef7f231ba11f0df'><p>Dass sich SVP Politiker vor allem um Themen k\u00fcmmern, die viel Publicity versprechen, statt an den wirklich wichtigen Themen zu arbeiten ist hinl\u00e4nglich bekannt. Trotzdem hat die <a href=\"http:\/\/www.tagi.ch\/dyn\/news\/schweiz\/603390.html\" title=\"Tagi: Bundesbrief soll im Land bleiben\" rel=\"footnote\">neueste Tat<\/a> von NR M\u00f6rgeli und Kollegen bei mir wieder einmal ein ziemlich heftiges Kopfsch\u00fctteln ausgel\u00f6st: die Herren haben es wieder einmal fertig gebracht mich zu \u00fcberraschen.<\/p>\n<p>Mir ist unverst\u00e4ndlich, wie man gegen den &#8218;Ausflug&#8216; des Bundesbriefes in die Vereinigten Staaten sein kann. Einerseits werden weit kostbarere Objekte seit Jahren durch die Welt verfrachtet &#8211; der Schwyer Parlamentarier Bruno Frick nannte als Beispiel den Sarkophag von Tut-ench-Amun &#8211; ohne das ein Objekt je Schaden genommen hat. Dann ist zu bedenken, dass es sich bei <em>dem<\/em> Bundesbrief, nicht um denjenigen vom 1.8.1291 handelt, sondern um einen (von einigen) in dieser Zeit aufgesetzten.<\/p>\n<p>Der Gipfel des Vorstosses der verbohrten Eidgenossen, ist das Ansinnen den Brief f\u00fcr 1&#8217;000&#8217;000 sFr. zu kaufen und in der Schweiz einzusperren. Der Betrag kam offenbar ins Spiel, weil der Bundesbrief zum symbolischen Betrag von einer Million Schweizer Franken versichert ist.<\/p>\n<p>Das einizig Interessante an der ganzen Geschichte k\u00f6nnte allenfalls eine Diskussion dar\u00fcber sein, was dieser Vertrag wirklich f\u00fcr einen finanziellen Wert h\u00e4tte, wieviel das historische Papier den Schweizern wert ist.<\/p>\n<\/div>","protected":false},"excerpt":{"rendered":"<p>Rechtb\u00fcrgerliche Politiker wollen den Schweizer Bundesbrief f\u00fcr CHF 1&#8217;000&#8217;000 kaufen. Was ist er wirklich wert?<\/p>\n","protected":false},"author":2,"featured_media":0,"comment_status":"open","ping_status":"open","sticky":false,"template":"","format":"standard","meta":{"_monsterinsights_skip_tracking":false,"_monsterinsights_sitenote_active":false,"_monsterinsights_sitenote_note":"","_monsterinsights_sitenote_category":0,"jetpack_post_was_ever_published":false,"_jetpack_newsletter_access":"","_jetpack_dont_email_post_to_subs":false,"_jetpack_newsletter_tier_id":0,"_jetpack_memberships_contains_paywalled_content":false,"_jetpack_memberships_contains_paid_content":false,"footnotes":"","jetpack_publicize_message":"","jetpack_publicize_feature_enabled":true,"jetpack_social_post_already_shared":false,"jetpack_social_options":{"image_generator_settings":{"template":"highway","enabled":false},"version":2}},"categories":[14],"tags":[240,370,33],"class_list":["post-408","post","type-post","status-publish","format-standard","hentry","category-politik","tag-bundesbrief","tag-politik","tag-schweiz"],"jetpack_publicize_connections":[],"jetpack_featured_media_url":"","jetpack_sharing_enabled":true,"_links":{"self":[{"href":"https:\/\/andare.ch\/blog\/wp-json\/wp\/v2\/posts\/408","targetHints":{"allow":["GET"]}}],"collection":[{"href":"https:\/\/andare.ch\/blog\/wp-json\/wp\/v2\/posts"}],"about":[{"href":"https:\/\/andare.ch\/blog\/wp-json\/wp\/v2\/types\/post"}],"author":[{"embeddable":true,"href":"https:\/\/andare.ch\/blog\/wp-json\/wp\/v2\/users\/2"}],"replies":[{"embeddable":true,"href":"https:\/\/andare.ch\/blog\/wp-json\/wp\/v2\/comments?post=408"}],"version-history":[{"count":0,"href":"https:\/\/andare.ch\/blog\/wp-json\/wp\/v2\/posts\/408\/revisions"}],"wp:attachment":[{"href":"https:\/\/andare.ch\/blog\/wp-json\/wp\/v2\/media?parent=408"}],"wp:term":[{"taxonomy":"category","embeddable":true,"href":"https:\/\/andare.ch\/blog\/wp-json\/wp\/v2\/categories?post=408"},{"taxonomy":"post_tag","embeddable":true,"href":"https:\/\/andare.ch\/blog\/wp-json\/wp\/v2\/tags?post=408"}],"curies":[{"name":"wp","href":"https:\/\/api.w.org\/{rel}","templated":true}]}}