{"id":3420,"date":"2014-11-24T19:07:41","date_gmt":"2014-11-24T17:07:41","guid":{"rendered":"http:\/\/andare.ch\/blog\/?p=3420"},"modified":"2014-11-24T19:17:09","modified_gmt":"2014-11-24T17:17:09","slug":"was-soll-der-schnauz-in-meinem-gesicht","status":"publish","type":"post","link":"https:\/\/andare.ch\/blog\/2014\/11\/was-soll-der-schnauz-in-meinem-gesicht\/","title":{"rendered":"Was soll der Schnauz in meinem Gesicht?"},"content":{"rendered":"<div class='microid-5b1867af4b68888feb9cad5054324e536aa0ac1c'><div id=\"attachment_3423\" style=\"width: 281px\" class=\"wp-caption alignleft\"><a href=\"http:\/\/andare.ch\/blog\/..\/data\/mobro-davidrei.jpg\" rel=\"lightbox[3420]\"><img loading=\"lazy\" decoding=\"async\" aria-describedby=\"caption-attachment-3423\" class=\" wp-image-3423\" src=\"http:\/\/andare.ch\/blog\/..\/data\/mobro-davidrei.jpg\" alt=\"David mit Schnauz\" width=\"271\" height=\"271\" srcset=\"https:\/\/andare.ch\/blog\/..\/data\/mobro-davidrei.jpg 480w, https:\/\/andare.ch\/blog\/..\/data\/mobro-davidrei-150x150.jpg 150w, https:\/\/andare.ch\/blog\/..\/data\/mobro-davidrei-300x300.jpg 300w, https:\/\/andare.ch\/blog\/..\/data\/mobro-davidrei-144x144.jpg 144w\" sizes=\"auto, (max-width: 271px) 100vw, 271px\" \/><\/a><p id=\"caption-attachment-3423\" class=\"wp-caption-text\">Schnauzer im November<\/p><\/div>\n<p>In der Zwischenzeit ist er gut erkennbar, der Schnauz in meinem Gesicht. Freies Wachstum hat dieser seit dem Anfang dieses Monats. Schnauz und November zusammen ergibt <a title=\"Movember Schweiz\" href=\"http:\/\/ch.movember.com\/\">Movember<\/a>, genauer genonmmen ,Moustache\u2018 und November. <a title=\"Movember auf Twitter\" href=\"http:\/\/ch.movember.com\/mospace\/downloads\/\">Movember<\/a> ist eine Aktion die vor einigen Jahren von einer Gruppe M\u00e4nner in Australien ins leben gerufen wurde und heute zu einer der gr\u00f6ssten globalen Spendenaktionen geworden ist. Worum geht\u2018s? Es geht um M\u00e4nnergesundheit im Allgemeinen und im speziellen um die Erforschung von Ursachen und Behandlung von Prostata- und Hodenkrebs.<\/p>\n<p>Meine Motivation diese Aktion aktiv zu unterst\u00fctzen ist naheliegend: mein Vater musste sich bereits in den 60er Jahren wegen Hodenkrebs behandeln lassen. Damals noch mit einer verh\u00e4ltnism\u00e4ssig rustikalen Bestrahlung. Die Behandlung war insofern erfolgreich, als das mein Vater f\u00fcr die n\u00e4chten gut 30 Jahre sich nicht mehr mit dem Thema auseinandersetzen musste. Ende der 90er Jahre jedoch tauchte es wieder auf, weil er sich mit der Diagnose eines Prostatakrebs auseinandersetzen mussten. Untersuchungen und Eingriffe folgten sich. Das Resultat war, dass die <a title=\"Definition Prostataspezifisches Antigen\" href=\"http:\/\/de.wikipedia.org\/wiki\/Prostataspezifisches_Antigen\">PSA Werte<\/a> wieder in einen normalen Bereich kamen, jedoch mit dem ,Nebeneffekt\u2018 einer <a title=\"Definition Harninkontinenz\" href=\"http:\/\/de.wikipedia.org\/wiki\/Harninkontinenz\">Inkontinenz<\/a>. Die n\u00e4chsten Jahre war das Krebsthema, abgesehen von regelm\u00e4ssigen Kontrollen, nicht mehr im Zentrum. Die Inkontinenz als sehr einschr\u00e4nkender, t\u00e4glicher Begleiter behielt das Thema doch im Bewusstsein. Im 2007 waren die PSI Werte pl\u00f6tzlich wieder erh\u00f6ht. Es folgten weitere Behandlungen, der Krebs konnte aber nicht mehr unter Kontrolle gebracht werden. Im September 2008 starb mein Vater, ruhig, aber eben doch zu fr\u00fch.<\/p>\n<p>Ich habe alles aus unmittelbarer N\u00e4he eine der Krankheiten, um die es bei Movember geht, miterlebt und muss auch davon ausgehen, dass ich allenfalls einem h\u00f6heren Risiko ausgesetzt bin, von dieser Krankheit irgendwann auch betroffen zu sein.<\/p>\n<p>Aus diesem Grund unterst\u00fctze ich die Spendenaktion. Ich bin zwar etwas sp\u00e4t dran, weil der November nur noch eine Woche dauert. Jedoch ist mein Schnauz nun erst gut als solcher zu erkennen und soll jetzt auch als Aufruf f\u00fcr Dich gelten! Ich w\u00fcrde mich sehr freuen, wenn Du Dich entscheiden k\u00f6nntest Movember mit einer Spende zu unterst\u00fctzten. Der Betrag spielt keine Rolle, jede Unterst\u00fctzung z\u00e4hlt.<\/p>\n<div style=\"width: 212px\" class=\"wp-caption alignleft\"><a href=\"http:\/\/anda.li\/mobro\"><img loading=\"lazy\" decoding=\"async\" src=\"http:\/\/cdn.movember.com\/uploads\/images\/2014\/Mo%20Space\/Downloads\/Thumbs\/Made_in_Movember_Icon_3-Thumbnail%20copy%203.jpg\" alt=\"Movember Badge\" width=\"202\" height=\"202\" \/><\/a><p class=\"wp-caption-text\">Movember &#8211; Local Grown<\/p><\/div>\n<hr \/>\n<p><span style=\"color: #ff6600; font-size: 250%; line-height: 120%;\"><strong><span style=\"color: #993300;\"><a title=\"F\u00fcr Mobro David spenden - jetzt!\" href=\"http:\/\/anda.li\/mobro\">Klicke jetzt hier<\/a><\/span> um Deine Spende zu machen &#8211; jeder Franken z\u00e4hlt!<\/strong><\/span><\/p>\n<hr \/>\n<p>&nbsp;<\/p>\n<p>Sprich mich doch auch direkt zum Thema an, sei es zu den Krankheiten, um die es geht oder sei es zur Spendenaktion. Danke f\u00fcr die Unterst\u00fctzung!<\/p>\n<\/div>","protected":false},"excerpt":{"rendered":"<p>Ich unterst\u00fctze die Aktion Movember, welche sich zum Ziel gesetzt hat das Thema M\u00e4nnergesundheit und damit auch die Krankheiten Prostata- und Hodenkrebs ins Bewusstsein zu bringen. Spenden sind willkommen unter http:\/\/mobro.co\/davdrei<\/p>\n","protected":false},"author":2,"featured_media":0,"comment_status":"open","ping_status":"open","sticky":false,"template":"","format":"standard","meta":{"_monsterinsights_skip_tracking":false,"_monsterinsights_sitenote_active":false,"_monsterinsights_sitenote_note":"","_monsterinsights_sitenote_category":0,"jetpack_post_was_ever_published":false,"_jetpack_newsletter_access":"","_jetpack_dont_email_post_to_subs":false,"_jetpack_newsletter_tier_id":0,"_jetpack_memberships_contains_paywalled_content":false,"_jetpack_memberships_contains_paid_content":false,"footnotes":"","jetpack_publicize_message":"","jetpack_publicize_feature_enabled":true,"jetpack_social_post_already_shared":true,"jetpack_social_options":{"image_generator_settings":{"template":"highway","enabled":false},"version":2}},"categories":[4,1],"tags":[353],"class_list":["post-3420","post","type-post","status-publish","format-standard","hentry","category-david","category-public","tag-movember"],"jetpack_publicize_connections":[],"jetpack_featured_media_url":"","jetpack_sharing_enabled":true,"_links":{"self":[{"href":"https:\/\/andare.ch\/blog\/wp-json\/wp\/v2\/posts\/3420","targetHints":{"allow":["GET"]}}],"collection":[{"href":"https:\/\/andare.ch\/blog\/wp-json\/wp\/v2\/posts"}],"about":[{"href":"https:\/\/andare.ch\/blog\/wp-json\/wp\/v2\/types\/post"}],"author":[{"embeddable":true,"href":"https:\/\/andare.ch\/blog\/wp-json\/wp\/v2\/users\/2"}],"replies":[{"embeddable":true,"href":"https:\/\/andare.ch\/blog\/wp-json\/wp\/v2\/comments?post=3420"}],"version-history":[{"count":4,"href":"https:\/\/andare.ch\/blog\/wp-json\/wp\/v2\/posts\/3420\/revisions"}],"predecessor-version":[{"id":3426,"href":"https:\/\/andare.ch\/blog\/wp-json\/wp\/v2\/posts\/3420\/revisions\/3426"}],"wp:attachment":[{"href":"https:\/\/andare.ch\/blog\/wp-json\/wp\/v2\/media?parent=3420"}],"wp:term":[{"taxonomy":"category","embeddable":true,"href":"https:\/\/andare.ch\/blog\/wp-json\/wp\/v2\/categories?post=3420"},{"taxonomy":"post_tag","embeddable":true,"href":"https:\/\/andare.ch\/blog\/wp-json\/wp\/v2\/tags?post=3420"}],"curies":[{"name":"wp","href":"https:\/\/api.w.org\/{rel}","templated":true}]}}