{"id":317,"date":"2005-10-11T23:56:33","date_gmt":"2005-10-11T21:56:33","guid":{"rendered":"http:\/\/www.andare.ch\/blog\/2005\/10\/wer-bezahlt-die-euro-08\/"},"modified":"2005-10-12T00:14:44","modified_gmt":"2005-10-11T22:14:44","slug":"wer-bezahlt-die-euro-08","status":"publish","type":"post","link":"https:\/\/andare.ch\/blog\/2005\/10\/wer-bezahlt-die-euro-08\/","title":{"rendered":"Wer bezahlt die Euro 08?"},"content":{"rendered":"<div class='microid-52b5281a6b7abc2a2cdf898c46da829e4958dbb1'>\n<p>Die Sch&auml;tzungen f&uuml;r die Kosten im Zusammenhang mit der Fussball Europameisterschaft 2008 in der Schweiz und &Ouml;sterreich (UEFA EURO 08) erh&ouml;hen sich laufend. Urspr&uuml;nglich bei gut 10 Millionen Franken gestartet, wird nun mit fast <a rel=\"footnote\" title=\"NZZ: Kantone beteiligen sich an Sicherheitskosten\" target=\"_self\" href=\"http:\/\/www.nzz.ch\/2005\/10\/07\/il\/newzzEEIIQFHQ-12.html\">180 Millionen<\/a> gerechnet. Noch sind es drei Jahre bis zu diesem Grossanlass und solche Sch&auml;tzungen tendieren mit der Zeit nicht tiefer zu werden&hellip;<\/p>\n<p>Ich bin ein Sportfan und obwohl ich mich immer wieder einmal &uuml;ber die weit &uuml;berproportionale Berichterstattung zum Fussball &auml;rgere, habe ich nichts grunds&auml;tzliches gegen das Ausrichten der EURO 08 in der Schweiz. Allein das Thema mit den Kosten wird je l&auml;nger je mehr zum grossen &Auml;rgernis. Folgendes ist zu bedenken:<\/p>\n<ul>\n<li>der <a title=\"SFV\" target=\"_self\" href=\"http:\/\/www.football.ch\">Schweizerische Fussballverband<\/a> hat sich als Veranstalter f&uuml;r diesen Grossanlass beworben. Wenn das Projekt seri&ouml;s angegangen worden ist, dann sollte von Beginn weg klar gewesen sein, mit welchen Kosten f&uuml;r die Allgemeinheit zu rechnen ist. Wie verschiedentlich zu lesen war, &uuml;bersteigen die Sch&auml;tzungen aber bei weitem, was sich der SFV &uuml;berhaupt leisten kann. Frage: mit welcher Legitimation hat sich der SFV im Bewusstsein der Situation als Veranstalter beworben? Jedenfalls sind mir keine entsprechenden Volksabstimmungen bekannt.<\/li>\n<li>Bem&uuml;ht sich der SFV Gelder aufzutreiben um die Kosten f&uuml;r die &ouml;ffentliche Hand zu verringern. Es k&ouml;nnte beispielsweise eine Spendenrunde bei den Nati-Kickern gemacht werden. Schliesslich kommen die gratis, franko und ohne Aufwand dazu bei diesem Anlass dabei zu sein. <\/li>\n<li>Die Sicherheitskosten werden nun von den Kantonen &uuml;bernommen, mithin also von den entsprechenden Steuerzahlern &#8211; ob Fussballfan oder nicht. Klar wird auch einiges an Geld wieder in die Volkswirtschaft zur&uuml;ckfliessen, aber heisst das nun, dass dieses Geld als Wirtschaftsf&ouml;rderung zu verstehen ist? Jedenfalls hat <a rel=\"footnote\" title=\"Spenden Sie auch f\u00fcr die Euro\" target=\"_self\" href=\"http:\/\/www.blogbox.ch\/?p=402\">Beat bei blogbox.ch<\/a> schon einmal den kreativen Vorschlag gemacht, das Ticket von den Steuern abzuziehen.<\/li>\n<li>Es ist ebenfalls geplant an verschiedenen Orten die Verkehrswege auszubauen. Wird das nach der Euro 08 wieder zur&uuml;ckgebaut oder muss da auch noch aufgepasst werden, dass unter dem Vorwand der Grossveranstaltung Kapazit&auml;ten erstellt werden, die aus oekologischer Sicht nicht w&uuml;nschenswert sind?<\/li>\n<\/ul>\n<p>Es ist auf jeden Fall abzusehen, dass es zu diesem Thema noch einige heisse Diskussion geben wird, zu hoffen bleibt, dass das Projekt niemandem &uuml;ber den Kopf w&auml;chst.<\/p>\n<p><em><a href=\"http:\/\/search.admin.ch\/cgi-bin\/query?mss=de%2Fsimple&#038;pg=q&#038;what=web&#038;kl=de&#038;enc=iso88592&#038;fmt=.&#038;q=UEFA+EURO+08&#038;search.x=74&#038;search.y=15\" target=\"_self\" title=\"Artikel zur EURO 08 beim Bund\">Pressemitteilungen des Bundes<\/a> zum Thema&nbsp;<\/em><\/p>\n<\/div>","protected":false},"excerpt":{"rendered":"<p>Die Sch\u00e4tzungen der zu erwartenden Kosten in Zusammenhang mit der UEFA EURO 08 in der Schweiz steigen laufend. Die ersten Sch\u00e4tzungen lagen bei 10 Millionen Franken, nun sind diese schon bei \u00fcber 170 Millionen angelangt. Wer wird das berappen und mit welcher Legitimation?<\/p>\n","protected":false},"author":2,"featured_media":0,"comment_status":"open","ping_status":"open","sticky":false,"template":"","format":"standard","meta":{"_monsterinsights_skip_tracking":false,"_monsterinsights_sitenote_active":false,"_monsterinsights_sitenote_note":"","_monsterinsights_sitenote_category":0,"jetpack_post_was_ever_published":false,"_jetpack_newsletter_access":"","_jetpack_dont_email_post_to_subs":false,"_jetpack_newsletter_tier_id":0,"_jetpack_memberships_contains_paywalled_content":false,"_jetpack_memberships_contains_paid_content":false,"footnotes":"","jetpack_publicize_message":"","jetpack_publicize_feature_enabled":true,"jetpack_social_post_already_shared":false,"jetpack_social_options":{"image_generator_settings":{"template":"highway","enabled":false},"version":2}},"categories":[14,26],"tags":[370,382],"class_list":["post-317","post","type-post","status-publish","format-standard","hentry","category-politik","category-sport","tag-politik","tag-sport"],"jetpack_publicize_connections":[],"jetpack_featured_media_url":"","jetpack_sharing_enabled":true,"_links":{"self":[{"href":"https:\/\/andare.ch\/blog\/wp-json\/wp\/v2\/posts\/317","targetHints":{"allow":["GET"]}}],"collection":[{"href":"https:\/\/andare.ch\/blog\/wp-json\/wp\/v2\/posts"}],"about":[{"href":"https:\/\/andare.ch\/blog\/wp-json\/wp\/v2\/types\/post"}],"author":[{"embeddable":true,"href":"https:\/\/andare.ch\/blog\/wp-json\/wp\/v2\/users\/2"}],"replies":[{"embeddable":true,"href":"https:\/\/andare.ch\/blog\/wp-json\/wp\/v2\/comments?post=317"}],"version-history":[{"count":0,"href":"https:\/\/andare.ch\/blog\/wp-json\/wp\/v2\/posts\/317\/revisions"}],"wp:attachment":[{"href":"https:\/\/andare.ch\/blog\/wp-json\/wp\/v2\/media?parent=317"}],"wp:term":[{"taxonomy":"category","embeddable":true,"href":"https:\/\/andare.ch\/blog\/wp-json\/wp\/v2\/categories?post=317"},{"taxonomy":"post_tag","embeddable":true,"href":"https:\/\/andare.ch\/blog\/wp-json\/wp\/v2\/tags?post=317"}],"curies":[{"name":"wp","href":"https:\/\/api.w.org\/{rel}","templated":true}]}}