{"id":283,"date":"2005-08-07T20:57:10","date_gmt":"2005-08-07T18:57:10","guid":{"rendered":"http:\/\/www.andare.ch\/blog\/2005\/08\/abschied-von-ibrahim-ferrer\/"},"modified":"2005-08-26T12:14:29","modified_gmt":"2005-08-26T10:14:29","slug":"abschied-von-ibrahim-ferrer","status":"publish","type":"post","link":"https:\/\/andare.ch\/blog\/2005\/08\/abschied-von-ibrahim-ferrer\/","title":{"rendered":"Abschied von Ibrahim Ferrer"},"content":{"rendered":"<div class='microid-78634df718a49ddcf29dfc270371a2b35b099734'>\n<p align=\"center\"> Dos gardenias para ti<br \/>     con ellas quiero decir<br \/>     te quiero, te adoro, mi vida.<br \/>     Ponles toda tu atencion<br \/>     porque son tu corazon y el mio. <a href=\"http:\/\/www.lyricscafe.com\/b\/buenavista\/004.htm\" target=\"_self\" title=\"Text zu 'Dos Gardenias'\">&#8230;<br \/>   <\/a>(<a href=\"http:\/\/www.amazon.com\/exec\/obidos\/clipserve\/B000005J56001005\/1\/104-6134839-0384725\" target=\"_self\"><em>h&ouml;ren<\/em><\/a>)<a href=\"http:\/\/www.lyricscafe.com\/b\/buenavista\/004.htm\" target=\"_self\" title=\"Text zu 'Dos Gardenias'\"><br \/>   <\/a><\/p>\n<p>Gestern Abend Lokalzeit ist <strong>Ibrahim Ferrer<\/strong> in Havana im Alter von 78 Jahren gestorben.<br \/>   Wieder bekannt geworden ist der kubanische Son S&auml;nger mit dem Film Buena Vista Social Club von Wim Wenders und Ry Cooder.<\/p>\n<p>Der charismatische und bescheidene Ibrahim Ferrer hat auch mich ber&uuml;hrt, als ich vor etwa f&uuml;nf Jahren die Gelegenheit hatte ihn, in einem Konzert zusammen mit Rub&eacute;n Gonzalez, im Volkshaus in Z&uuml;rich zu h&ouml;ren und zu sehen. Schon die Balladen im Film, die von ihm teilweise zusammen mit Omara Portuondo vorgetragen wurden waren umwerfend, im Konzert zeigte Ferrer seine verschiedenen Facetten in den Son, Boleros und Rumbas die er in seinem Repertoire hatte. Immer unterst&uuml;tzt von einem nicht minder bestechenden Orchester. H&ouml;hepunkt des Konzertes waren selbstverst&auml;ndlich die St&uuml;cke zum Ende des Abends, die von den beiden Stars &#8211; Ferrer und Gonzalez &#8211; zusammen gespielt und gesungen wurden.<\/p>\n<p>Nachdem vor zwei Jahren Gonzalez und Celia Cruz, letztes Jahr Compay Segundo gestorben sind, ist nun mit Ibrahim Ferrer einer der letzten der bekannten kubanischen Altmeister nicht mehr. Die Musik wird weiterleben, an die Interpreten bleibt nur die Erinnerung.   <\/p>\n<p>Artikel zu Ibrahim Ferrer&#8217;s Tod:<\/p>\n<ul>\n<li>Agencia Cubana de Noticias: <a title=\"Falleci\u00f3 Ibrahim Ferrer, destacado int\u00e9rprete de la m\u00fasica cubana\" href=\"http:\/\/www.ain.cubaweb.cu\/secciones\/cultura1.htm#Falleci%F3%20Ibrahim%20Ferrer,%20destacado%20int%E9rprete%20de%20la%20m%FAsica%20cubana\">Falleci\u00f3 Ibrahim Ferrer, destacado int\u00e9rprete de la m\u00fasica cubana<\/a><\/li>\n<li>Tagesschau vom <a href=\"http:\/\/www.sfdrs.ch\/content\/news\/tagesschau\/archiv_sendung.php?docid=20050806\" target=\"_self\" title=\"SFDRS Tagesschau vom 07.08.2005\">07.08.2005<\/a> (<a href=\"rtsp:\/\/64.192.137.102:554\/ondemand\/7\/1927\/11457\/v08072005\/swissinfo.download.akamai.com\/11457\/sfdrs\/ts\/TS_07082005-450k.rm?start=0:17:19.875&#038;end=0:19:31.810&#038;cloakport=80,554,7070\" target=\"_self\" title=\"RealVideo Ibrahim Ferrer Beitrag\">RealVideo<\/a>)<\/li>\n<li><a href=\"http:\/\/www.nzz.ch\/2005\/08\/07\/fe\/newzzEC3CDGGN-12.html\" target=\"_self\" title=\"NZZ: Ibrahim Ferrer gestorben\">NZZ<\/a> und <a href=\"http:\/\/www.tagi.ch\/dyn\/news\/vermischtes\/527040.html\" target=\"_self\" title=\"Tages-Anzeiger: Ibrahim Ferrer gestorben \">Tages-Anzeiger<\/a>     <\/li>\n<li>Google-News in <a href=\"http:\/\/news.google.ch\/news?hl=de&#038;ned=de_ch&#038;q=ferrer&#038;btnG=News-Suche\" target=\"_self\">deutsch<\/a> und <a href=\"http:\/\/news.google.es\/news?hl=es&#038;ned=es&#038;q=ferrer&#038;btnG=Buscar+en+Noticias\" target=\"_self\">spanisch<\/a>     <\/li>\n<\/ul>\n<p><strong>&nbsp;Ressourcen zu Ibrahim Ferrer:<\/strong><\/p>\n<ul>\n<li><a href=\"http:\/\/www.montuno.com\" target=\"_self\" title=\"Montuno: Ibrahim Ferrer\">Montuno<\/a> (Label)      <\/li>\n<li><a href=\"http:\/\/www.amazon.com\/exec\/obidos\/tg\/stores\/artist\/glance\/-\/167062\/\" target=\"_self\" title=\"Ibrahim Ferrer @ amazon.com\">Amazon<\/a>     <\/li>\n<\/ul>\n<\/div>","protected":false},"excerpt":{"rendered":"<p>Gestern Samstag ist einer der letzten, weltweit bekannten kubanischen Son S\u00e4nger gestorben: Ibrahim Ferrer verschied in Havana.<\/p>\n","protected":false},"author":2,"featured_media":0,"comment_status":"open","ping_status":"open","sticky":false,"template":"","format":"standard","meta":{"_monsterinsights_skip_tracking":false,"_monsterinsights_sitenote_active":false,"_monsterinsights_sitenote_note":"","_monsterinsights_sitenote_category":0,"jetpack_post_was_ever_published":false,"_jetpack_newsletter_access":"","_jetpack_dont_email_post_to_subs":false,"_jetpack_newsletter_tier_id":0,"_jetpack_memberships_contains_paywalled_content":false,"_jetpack_memberships_contains_paid_content":false,"footnotes":"","jetpack_publicize_message":"","jetpack_publicize_feature_enabled":true,"jetpack_social_post_already_shared":false,"jetpack_social_options":{"image_generator_settings":{"template":"highway","enabled":false},"version":2}},"categories":[23],"tags":[117,114,116,379,115],"class_list":["post-283","post","type-post","status-publish","format-standard","hentry","category-salsa","tag-charisma","tag-ibrahim_ferrer","tag-kuba","tag-salsa","tag-son"],"jetpack_publicize_connections":[],"jetpack_featured_media_url":"","jetpack_sharing_enabled":true,"_links":{"self":[{"href":"https:\/\/andare.ch\/blog\/wp-json\/wp\/v2\/posts\/283","targetHints":{"allow":["GET"]}}],"collection":[{"href":"https:\/\/andare.ch\/blog\/wp-json\/wp\/v2\/posts"}],"about":[{"href":"https:\/\/andare.ch\/blog\/wp-json\/wp\/v2\/types\/post"}],"author":[{"embeddable":true,"href":"https:\/\/andare.ch\/blog\/wp-json\/wp\/v2\/users\/2"}],"replies":[{"embeddable":true,"href":"https:\/\/andare.ch\/blog\/wp-json\/wp\/v2\/comments?post=283"}],"version-history":[{"count":0,"href":"https:\/\/andare.ch\/blog\/wp-json\/wp\/v2\/posts\/283\/revisions"}],"wp:attachment":[{"href":"https:\/\/andare.ch\/blog\/wp-json\/wp\/v2\/media?parent=283"}],"wp:term":[{"taxonomy":"category","embeddable":true,"href":"https:\/\/andare.ch\/blog\/wp-json\/wp\/v2\/categories?post=283"},{"taxonomy":"post_tag","embeddable":true,"href":"https:\/\/andare.ch\/blog\/wp-json\/wp\/v2\/tags?post=283"}],"curies":[{"name":"wp","href":"https:\/\/api.w.org\/{rel}","templated":true}]}}