{"id":278,"date":"2005-07-31T15:35:59","date_gmt":"2005-07-31T13:35:59","guid":{"rendered":"http:\/\/www.andare.ch\/blog\/2005\/07\/alex-frei-bekennt-farbe-zu\/"},"modified":"2005-07-31T15:35:59","modified_gmt":"2005-07-31T13:35:59","slug":"alex-frei-bekennt-farbe-zu","status":"publish","type":"post","link":"https:\/\/andare.ch\/blog\/2005\/07\/alex-frei-bekennt-farbe-zu\/","title":{"rendered":"Alex Frei bekennt Farbe zu &#8230;!"},"content":{"rendered":"<div class='microid-7c543dcec3af55f174d61f6f15e03791b192cd25'><p>Alex Frei bekennt ab morgen Farbe zu Rivella rot.<br \/> Es bleibt abzuwarten, oder zu raten, f&uuml;r welche Rivella Farben die anderen, in die Kampagne eingebundenen Promis werben werden (Polo Hofer, Bobele Becker, die Snowboarder Reuteler und Simmen).<\/p>\n<p>Die auf den Plakaten f&uuml;r morgen angek&uuml;ndigte Aufl&ouml;sung der Kampagne ist durch ein Plakat im Industriegebiet von Z&uuml;rich-Leimbach gel&uuml;ftet: Dort h&auml;ngt an einer Halle ein Riesenplakat auf dem Alex Frei f&uuml;r Rivella rot wirbt. Ein Foto konnte ich leider nicht machen, da ich lenkenderweise im Auto unterwegs gewesen bin.<br \/> Ob es sich um einen Fehler handelt, dass dieses Plakat bereits h&auml;ngt oder ob es morgen nicht gereicht h&auml;tte dieses aufzuh&auml;ngen, who knows&#8230; <\/p>\n<\/div>","protected":false},"excerpt":{"rendered":"<p>Schon ein Tag bevor die Aufl\u00f6sung angek\u00fcndigt war, h\u00e4ngen Plakate die das Geheimnis l\u00fcften.<\/p>\n","protected":false},"author":2,"featured_media":0,"comment_status":"open","ping_status":"open","sticky":false,"template":"","format":"standard","meta":{"_monsterinsights_skip_tracking":false,"_monsterinsights_sitenote_active":false,"_monsterinsights_sitenote_note":"","_monsterinsights_sitenote_category":0,"jetpack_post_was_ever_published":false,"_jetpack_newsletter_access":"","_jetpack_dont_email_post_to_subs":false,"_jetpack_newsletter_tier_id":0,"_jetpack_memberships_contains_paywalled_content":false,"_jetpack_memberships_contains_paid_content":false,"footnotes":"","jetpack_publicize_message":"","jetpack_publicize_feature_enabled":true,"jetpack_social_post_already_shared":false,"jetpack_social_options":{"image_generator_settings":{"template":"highway","enabled":false},"version":2}},"categories":[13],"tags":[33,369,101],"class_list":["post-278","post","type-post","status-publish","format-standard","hentry","category-varia","tag-schweiz","tag-varia","tag-werbung"],"jetpack_publicize_connections":[],"jetpack_featured_media_url":"","jetpack_sharing_enabled":true,"_links":{"self":[{"href":"https:\/\/andare.ch\/blog\/wp-json\/wp\/v2\/posts\/278","targetHints":{"allow":["GET"]}}],"collection":[{"href":"https:\/\/andare.ch\/blog\/wp-json\/wp\/v2\/posts"}],"about":[{"href":"https:\/\/andare.ch\/blog\/wp-json\/wp\/v2\/types\/post"}],"author":[{"embeddable":true,"href":"https:\/\/andare.ch\/blog\/wp-json\/wp\/v2\/users\/2"}],"replies":[{"embeddable":true,"href":"https:\/\/andare.ch\/blog\/wp-json\/wp\/v2\/comments?post=278"}],"version-history":[{"count":0,"href":"https:\/\/andare.ch\/blog\/wp-json\/wp\/v2\/posts\/278\/revisions"}],"wp:attachment":[{"href":"https:\/\/andare.ch\/blog\/wp-json\/wp\/v2\/media?parent=278"}],"wp:term":[{"taxonomy":"category","embeddable":true,"href":"https:\/\/andare.ch\/blog\/wp-json\/wp\/v2\/categories?post=278"},{"taxonomy":"post_tag","embeddable":true,"href":"https:\/\/andare.ch\/blog\/wp-json\/wp\/v2\/tags?post=278"}],"curies":[{"name":"wp","href":"https:\/\/api.w.org\/{rel}","templated":true}]}}