{"id":269,"date":"2005-07-12T20:12:46","date_gmt":"2005-07-12T18:12:46","guid":{"rendered":"http:\/\/www.andare.ch\/blog\/?p=269"},"modified":"2005-07-12T20:13:46","modified_gmt":"2005-07-12T18:13:46","slug":"gigathlon-rueckblick","status":"publish","type":"post","link":"https:\/\/andare.ch\/blog\/2005\/07\/gigathlon-rueckblick\/","title":{"rendered":"Gigathlon R\u00fcckblick (aufdatiert)"},"content":{"rendered":"<div class='microid-b9e745b071c4e8b45d478e360ab5f6989b90c2ad'>\n<p>Am Samstag hat sich unser Team um drei Uhr in Z&uuml;rich getroffen, um gem&uuml;tlich nach Luzern zu dislozieren. Dort angekommen haben wir in Ruhe den Check-in absolviert und unsere <a title=\"Gigathlon Zelte\" target=\"_self\" href=\"http:\/\/image.andare.ch\/gallery\/gigathlon2005\/IMG_2684\">beiden Zelte<\/a> aufgestellt. Wir wussten beinahe nicht, wie wir die Zeit tot schlagen sollten und waren uns einig, dass ein Sunday Team of Five eigentlich halt doch ein halbbatzige Sache ist und bedauerten nochmals unser Lospech.<\/p>\n<p>Verdriessen liessen wir uns aber trotzdem nicht, schauten uns im Ziel die Ankommenden an, die den harten Samstag hinter sich gebracht haben. Bis um zehn Uhr habe ich auch praktisch alle meine Freunde angetroffen, von welchen ich wusste, dass sie auch da sein werden. Wie einige wahrscheinlich am Radio mitbekommen haben, ist&#8217;s vor allem Karen vom <a title=\"Gigathlon DRS 3 Team\" target=\"_self\" href=\"http:\/\/www.drs.ch\/index.cfm?gbAction=3CA2B391-49F8-45A1-9AC1A217A5973462&#038;CategoryNodeID=D7960E23-C3DA-4B9B-A89549A0B71865DE&#038;prg=drs3\">DRS 3 H&ouml;rerInnen-Team<\/a> ziemlich schlecht ergangen: sie musste nach zwei Plattf&uuml;ssen und tiefen Temperaturen am Grimsel ihre Velostrecke mit einer Magen-Darmgrippe aufgeben &#8211; von hier aus nochmals gute Bessserung! Etwas bedenklich in dem Zusammenhang war, dass offenbar keiner der G&uuml;mmeler angehalten hat, um Karen bei der Behebung ihres Defektes zu helfen. Das scheint offenbar ein Unterschied zu den Bikern zu sein: bei meinem Defekt auf der Bikestrecke am letztj&auml;hrigen Gigathlon, ist nicht ein Einziger vorbeigefahren, der sich nicht zumindest erkundigt hat, ob er helfen k&ouml;nne.<\/p>\n<p>  <!--more-->   <\/p>\n<p>Aber zur&uuml;ck zum letzten Wochenende. Dank unser &#8218;Unt&auml;tigkeit&#8216; am Samstag waren wir alle um halb elf im Schlafsack und wenn&#8217;s nicht noch einige etwas zu laute Unterhaltungen in unserer Umgebung der Zeltstadt gegeben h&auml;tte, w&auml;ren wir noch etwas fr&uuml;her eingeschlafen.<\/p>\n<p>Um Viertel nach 5 war dann Tagwache. W&auml;hrend sich Petra und Daniela auf ihre Strecken vorbereiteten und Christoph und Stephan den logistischen Teil in Angriff nahmen, war ich f&uuml;r die Versorgung mit Esswaren zust&auml;ndig und machte mich auf den Weg das Fr&uuml;hst&uuml;ck und die Lunchbags zu fassen. Nach einem kurzen Fr&uuml;hst&uuml;ck hiess es dann Daniela in den Neopren zu helfen und sie zum Shuttle-Bus zu begleiten. Gleiches erledigte wenig sp&auml;ter Christoph mit Petra (ohne Neopren \ud83d\ude09 ). Es blieb uns Herren alles im Auto zu verladen und zu warten bis Daniela ihre Schwimmstrecke absolviert hatte.<\/p>\n<p>Nachdem Daniela um sieben Uhr gestartet war und in der Wechselzone Petra nicht auf Anhieb gefunden hatte, war dann Petra kurz vor acht auf den Inline Skates unterwegs und der Rest des Teams wenig sp&auml;ter im Auto ebenfalls auf dem Weg nach Sursee. Trotz kleinem Stau bei der Autobahnausfahrt konnten wir das Auto rechtzeitig abstellen und Stephan traf die letzen Vorbereitungen f&uuml;r seine Velostrecke. Sein Aufstieg auf&#8217;s Rennrad missriet dann allerdings ziemlich: in der Annahme er stehe korrekt auf der Pedale versucht er einzurasten, glitt ab und riss sich am grossen Kranz die Innenseite des rechten Beins ziemlich w&uuml;st auf. Gl&uuml;cklicherweise hatte Petra eine halbe Spitalapotheke dabei und Daniela und ich brachten es fertig einen Druckverband zu berwerkstelligen, der die 70 Velokilometer unbeschadet &uuml;berstehen sollte. Der anschliessende Wechsel von Petra zu Stephan klappte dann problemlos.<\/p>\n<p>Weiter ging&#8217;s mit dem Auto richtung Welschenrohr zur n&auml;chsten Wechselzone und dann der gr&ouml;bste Fehler, den ich auf meine Kappe nehmen musste. Statt weiterzufahren machten wir einen&nbsp; (zu langen) Halt auf der Autobahnrastst&auml;tte Gunzgen und landeten nach der Weiterfahrt prompt im totalen Stau: schon vor der Autobahnausfahrt Oensingen ging&#8217;s nur noch im Schritttempo vorw&auml;rts, was sich bis Welschenrohr(!) nicht mehr &auml;nderte. Etwas zwei Kilometer vor der Wechselzone wechselte ich dann vom Auto auf&#8217;s Bike, da Stephan schon bald eine halbe Stunde auf mich wartete. Mindestens wurde f&uuml;r alle die stecken geblieben waren die Zeit neutralisiert. Gespannt bin ich noch, ob man erfahren wird, was zum Chaos auf der Strasse gef&uuml;hrt hat, mangelhafte Planung oder schlecht instruierte Helfer, die die Autos nicht von der Strasse bekamen.<\/p>\n<p>Zumindest war ich bereits eingefahren, als ich in der Wechselzone eintraf, wo ich zuerst gleich noch auf Rolf, den Ersatzmann des DRS 3 Teams traf, der sich ein gute Zeit erfahren hatte. Auch Stephan, der auf mich warten musste, war rund eine halbe Stunde schneller gewesen, als er angenommen hatte. So schwang ich mich also auf&#8217;s Bike, hatte ein paar Kurven im D&ouml;rfchen zu absolvieren und ausgangs Dorf dann gleich eine unglaublich steile Rampe zu bew&auml;ltigen. Gl&uuml;cklicherweise flachte dann die Steigung etwas ab. Die Strecke bis Laufen war sehr abwechslungsreich. Die Aufstiege auf meist gut befestigten Strassen und Wegen, was das fahren vereinfachte, die Abfahrten daf&uuml;r steil, zum Teil ziemlich nass und somit ziemlich anspruchsvoll &#8211; es liess sich also nicht so auf&#8217;s Tempo dr&uuml;cken.<\/p>\n<p>Nach gut zweieinhalb Stunden hatte ich dann meinen Teil auch absolviert und hatte nur w&auml;hrend etwa f&uuml;nf Minuten etwas Regen zu erdulden. Christoph, der f&uuml;r den Weg von Moutier nach den Zug genommen hatte, da sich der Stau nahtlos fortgesetzt hatte, war bereit und macht sich auf die letzte Strecke nach Basel. Kurz darauf nahm mich dann Daniela in Empfang. W&auml;hrend wir in einer weiteren Schlange standen (auch ein Teil des Gigathlon) um mein Bike vom gr&ouml;bsten Dreck zu befreien, besuchte Stephan mit Petra das lokale Spital, um seine Wunde zu n&auml;hen. Petra musste z&auml;hneknirschend darauf verzichten die Stiche selber zu setzen, aber zumindest attestierte sie der Assistenz&auml;rztin einen guten Job gemacht zu haben.<\/p>\n<p>Dann hiess es auch f&uuml;r den autofahrenden Teil des Teams: Basel wir kommen. Viel Zeit blieb uns auf dem Messeplatz nicht, den Christoph unterbot seine Prognose um nicht weniger als eine Dreiviertelstunde! Zusammen konnten wir den Zieleinlauf geniessen und waren sehr zufrieden mit unserem Resultat. Nach dem Abzug der Neutralisation sollten wir gut unter 10 Stunden bleiben. Man darf gespannt sein, wie sich die R&auml;nge in der bereinigten <a title=\"Gigathlon: Rangliste Sunday Team of Five\" target=\"_self\" href=\"http:\/\/138.188.194.173\/home\/results.aspx?eventID=3&#038;categoryId=5\">Rangliste<\/a> noch ver&auml;ndern werden; vorderhand sind wir 75. von 200 Teams. Jedenfalls geb&uuml;hrt Christoph ein grosses Lob, der auf der Laufstrecke die drittbeste Zeit lief!<\/p>\n<p>Den Tag liessen wir dann in Ruhe zuerst in Basel beim Abendessen und dann auf der R&uuml;ckfahrt nach Z&uuml;rich ausklingen. Alles in allem wieder ein tolles Erlebnis, obwohl sich &#8211; zumindest bei mir &#8211; das Gigathlon Feeling nicht so vollst&auml;ndig einstellen mochte, dazu war wohl ein Tag einfach zu kurz&#8230;<\/p>\n<p>&#8218;Live&#8216; Bilder vom Gigathlon in der Kategorie <a target=\"_self\" href=\"\/blog\/kat\/moblog\">Moblog<\/a> <br \/>  Bilder vom <a title=\"Gigathlon 2005: Winkelried Sunday Team of Five\" target=\"_self\" href=\"http:\/\/image.andare.ch\/gallery\/gigathlon2005\">Gigathlon 2005\/Team Winkelried<\/a>  <\/p>\n<h4>Update<\/h4>\n<p>Ich gratuliere uns zum &#8211; f\u00fcr uns &#8211; sensationellen 32. Schlussrang in einer Zeit von 9 Std 35 min.<br \/>\nWie schon oben erw\u00e4hnt, hat nat\u00fcrlich vor allem Christoph und auch Petra dieses Ergebnis erm\u00f6glicht.<\/p>\n<\/div>","protected":false},"excerpt":{"rendered":"<p>Eine Zusammenfassung der Erlebnisse am Gigathlon 2005<\/p>\n","protected":false},"author":2,"featured_media":0,"comment_status":"open","ping_status":"open","sticky":false,"template":"","format":"standard","meta":{"_monsterinsights_skip_tracking":false,"_monsterinsights_sitenote_active":false,"_monsterinsights_sitenote_note":"","_monsterinsights_sitenote_category":0,"jetpack_post_was_ever_published":false,"_jetpack_newsletter_access":"","_jetpack_dont_email_post_to_subs":false,"_jetpack_newsletter_tier_id":0,"_jetpack_memberships_contains_paywalled_content":false,"_jetpack_memberships_contains_paid_content":false,"footnotes":"","jetpack_publicize_message":"","jetpack_publicize_feature_enabled":true,"jetpack_social_post_already_shared":false,"jetpack_social_options":{"image_generator_settings":{"template":"highway","enabled":false},"version":2}},"categories":[7,26],"tags":[92,364,382,91],"class_list":["post-269","post","type-post","status-publish","format-standard","hentry","category-gigathlon","category-sport","tag-ausdauer","tag-gigathlon","tag-sport","tag-sunday_team_of_five"],"jetpack_publicize_connections":[],"jetpack_featured_media_url":"","jetpack_sharing_enabled":true,"_links":{"self":[{"href":"https:\/\/andare.ch\/blog\/wp-json\/wp\/v2\/posts\/269","targetHints":{"allow":["GET"]}}],"collection":[{"href":"https:\/\/andare.ch\/blog\/wp-json\/wp\/v2\/posts"}],"about":[{"href":"https:\/\/andare.ch\/blog\/wp-json\/wp\/v2\/types\/post"}],"author":[{"embeddable":true,"href":"https:\/\/andare.ch\/blog\/wp-json\/wp\/v2\/users\/2"}],"replies":[{"embeddable":true,"href":"https:\/\/andare.ch\/blog\/wp-json\/wp\/v2\/comments?post=269"}],"version-history":[{"count":0,"href":"https:\/\/andare.ch\/blog\/wp-json\/wp\/v2\/posts\/269\/revisions"}],"wp:attachment":[{"href":"https:\/\/andare.ch\/blog\/wp-json\/wp\/v2\/media?parent=269"}],"wp:term":[{"taxonomy":"category","embeddable":true,"href":"https:\/\/andare.ch\/blog\/wp-json\/wp\/v2\/categories?post=269"},{"taxonomy":"post_tag","embeddable":true,"href":"https:\/\/andare.ch\/blog\/wp-json\/wp\/v2\/tags?post=269"}],"curies":[{"name":"wp","href":"https:\/\/api.w.org\/{rel}","templated":true}]}}