{"id":201,"date":"2005-04-21T19:54:27","date_gmt":"2005-04-21T17:54:27","guid":{"rendered":"\/?p=201"},"modified":"2005-05-01T12:40:11","modified_gmt":"2005-05-01T10:40:11","slug":"blog-beitrag-im-echo-der-zeit","status":"publish","type":"post","link":"https:\/\/andare.ch\/blog\/2005\/04\/blog-beitrag-im-echo-der-zeit\/","title":{"rendered":"Blog Beitrag im Echo der Zeit (Radio DRS)"},"content":{"rendered":"<div class='microid-50effa300e00727b0d73b6625c009e36b35a51c6'><p>Im Dossier des heutigen Echo der Zeit wurde ein l\u00e4ngerer Beitrag \u00fcber Blogs ausgestrahlt.<br \/>Eine erste kurze Zusammenfassung:<\/p>\n<ul>\n<li>Erkl\u00e4rung des Begriffs Weblog (inkl. Podcast)<\/li>\n<li>Beispiele von Blogartikeln und Kommentaren (Zitatee); klischeehaft und subjektiv<\/li>\n<li>die unerl\u00e4ssliche Erw\u00e4hnung der Blogs im amerikanischen Wahlkampf<\/li>\n<li>ein gr\u00f6sserer Teil \u00fcber Blogs von etablierten Presseh\u00e4usern und Journalisten<\/li>\n<li>kein einziges, namentlich erw\u00e4hntes Beispiel eines unabh\u00e4ngigen Blogs<\/li>\n<li>Hinweis, dass nur regelm\u00e4ssige Blogs Glaubw\u00fcrdigkeit erlangen k\u00f6nnen<\/li>\n<li>Prof. Blum (Uni Bern) mit dem Statement, dass der Informationskonsument gefilterte Information w\u00fcnscht<\/li>\n<li>abschliessende Beurteilung, dass Blogs die etablierten Medien nicht ersetzen, sondern h\u00f6chstens erg\u00e4nzen werden, oder allenfalls mehr Gewicht erhalten k\u00f6nnen in einer stark zensierten Medienlandschaft (Beispiel Iran)<\/li>\n<\/ul>\n<p>Der Beitrag &quot;Weblogs &#8211; eine zunehmend wichtige Stimme im Medienkanon&quot; ist bereits <a title=\"Echo der Zeit: Weblogs - eine zunehmend wichtige Stimme im Medienkanon\" href=\"http:\/\/www.drs.ch\/drsonline\/index.cfm?gbAction=r04Fulldisplay1&#038;ObjectID=F3496B57-E61C-404A-A0196C0582D115B5&#038;prg=NEWS\">online abrufbar<\/a>.<\/p>\n<p>&nbsp;<\/p>\n<p><em>Update<\/em>: <a title=\"Betrachtungen zum 'Echo der Zeit' Blog Beitrag\" href=\"\/blog\/2005\/04\/betrachtungen-zum-echo-blog-beitrag\/\">weitere Betrachtungen<\/a><\/p>\n<p \/>\n<\/div>","protected":false},"excerpt":{"rendered":"<p>Beitrag \u00fcber Weblogs im Dossier des Echo der Zeit auf Radio DRS am 21. April 2005<\/p>\n","protected":false},"author":2,"featured_media":0,"comment_status":"open","ping_status":"open","sticky":false,"template":"","format":"standard","meta":{"_monsterinsights_skip_tracking":false,"_monsterinsights_sitenote_active":false,"_monsterinsights_sitenote_note":"","_monsterinsights_sitenote_category":0,"jetpack_post_was_ever_published":false,"_jetpack_newsletter_access":"","_jetpack_dont_email_post_to_subs":false,"_jetpack_newsletter_tier_id":0,"_jetpack_memberships_contains_paywalled_content":false,"_jetpack_memberships_contains_paid_content":false,"footnotes":"","jetpack_publicize_message":"","jetpack_publicize_feature_enabled":true,"jetpack_social_post_already_shared":false,"jetpack_social_options":{"image_generator_settings":{"template":"highway","enabled":false},"version":2}},"categories":[25],"tags":[381],"class_list":["post-201","post","type-post","status-publish","format-standard","hentry","category-blogging","tag-blogging"],"jetpack_publicize_connections":[],"jetpack_featured_media_url":"","jetpack_sharing_enabled":true,"_links":{"self":[{"href":"https:\/\/andare.ch\/blog\/wp-json\/wp\/v2\/posts\/201","targetHints":{"allow":["GET"]}}],"collection":[{"href":"https:\/\/andare.ch\/blog\/wp-json\/wp\/v2\/posts"}],"about":[{"href":"https:\/\/andare.ch\/blog\/wp-json\/wp\/v2\/types\/post"}],"author":[{"embeddable":true,"href":"https:\/\/andare.ch\/blog\/wp-json\/wp\/v2\/users\/2"}],"replies":[{"embeddable":true,"href":"https:\/\/andare.ch\/blog\/wp-json\/wp\/v2\/comments?post=201"}],"version-history":[{"count":0,"href":"https:\/\/andare.ch\/blog\/wp-json\/wp\/v2\/posts\/201\/revisions"}],"wp:attachment":[{"href":"https:\/\/andare.ch\/blog\/wp-json\/wp\/v2\/media?parent=201"}],"wp:term":[{"taxonomy":"category","embeddable":true,"href":"https:\/\/andare.ch\/blog\/wp-json\/wp\/v2\/categories?post=201"},{"taxonomy":"post_tag","embeddable":true,"href":"https:\/\/andare.ch\/blog\/wp-json\/wp\/v2\/tags?post=201"}],"curies":[{"name":"wp","href":"https:\/\/api.w.org\/{rel}","templated":true}]}}